{"id":63,"date":"2018-05-04T08:34:04","date_gmt":"2018-05-04T08:34:04","guid":{"rendered":"http:\/\/blog.hotelbaia.com\/?p=63"},"modified":"2018-05-15T09:23:00","modified_gmt":"2018-05-15T09:23:00","slug":"le-wine-summit-est-de-retour","status":"publish","type":"post","link":"https:\/\/blog.hotelbaia.com\/es\/le-wine-summit-est-de-retour\/","title":{"rendered":"El \u2018Wine Summit\u2019 est\u00e1 de vuelta!"},"content":{"rendered":"<p>En los pr\u00f3ximos d\u00edas 20, 21 y 22 de junio, el Centro de Congresos de Estoril vuelve a recibir el \u2018Wine Summit\u2019, ahora en su 2\u00aa edici\u00f3n. No te pierdas esta oportunidad de estar con profesionales del vino de las cuatro esquinas del mundo y aprovecha a conocer a Cascais, la \u00abRiviera Portuguesa\u00bb.<br \/>\nDespu\u00e9s del \u00e9xito de su primera edici\u00f3n el a\u00f1o pasado, este encuentro internacional, \u00fanico en el mundo, trae otra vez a Cascais las figuras de la industria del vino: altavoces, productores, periodistas y otros profesionales, procedentes de todo mundo. Es sin duda el evento internacional de vinos m\u00e1s grande y m\u00e1s exclusivo.<\/p>\n<p><img loading=\"lazy\" src=\"http:\/\/blog.hotelbaia.com\/wp-content\/uploads\/2018\/04\/wine-summit-cascais.jpg\" alt=\"\" width=\"476\" height=\"476\" class=\"alignnone size-full wp-image-35\" srcset=\"https:\/\/blog.hotelbaia.com\/wp-content\/uploads\/2018\/04\/wine-summit-cascais.jpg 476w, https:\/\/blog.hotelbaia.com\/wp-content\/uploads\/2018\/04\/wine-summit-cascais-150x150.jpg 150w, https:\/\/blog.hotelbaia.com\/wp-content\/uploads\/2018\/04\/wine-summit-cascais-300x300.jpg 300w, https:\/\/blog.hotelbaia.com\/wp-content\/uploads\/2018\/04\/wine-summit-cascais-100x100.jpg 100w\" sizes=\"(max-width: 476px) 100vw, 476px\" \/><\/p>\n<p>Asegure su lugar y qu\u00e9dese en el hotel con la mejor vista sobre la bah\u00eda de Cascais. Vea las mejores condiciones en nuestro sitio:<a href=\"http:\/\/www.hotelbaia.com\">www.hotelbaia.com<\/a><\/p>\n","protected":false},"excerpt":{"rendered":"<p>En los pr\u00f3ximos d\u00edas 20, 21 y 22 de junio, el Centro de Congresos de&#8230;<\/p>\n","protected":false},"author":3,"featured_media":0,"comment_status":"open","ping_status":"open","sticky":false,"template":"","format":"standard","meta":[],"categories":[15],"tags":[],"acf":[],"_links":{"self":[{"href":"https:\/\/blog.hotelbaia.com\/es\/wp-json\/wp\/v2\/posts\/63"}],"collection":[{"href":"https:\/\/blog.hotelbaia.com\/es\/wp-json\/wp\/v2\/posts"}],"about":[{"href":"https:\/\/blog.hotelbaia.com\/es\/wp-json\/wp\/v2\/types\/post"}],"author":[{"embeddable":true,"href":"https:\/\/blog.hotelbaia.com\/es\/wp-json\/wp\/v2\/users\/3"}],"replies":[{"embeddable":true,"href":"https:\/\/blog.hotelbaia.com\/es\/wp-json\/wp\/v2\/comments?post=63"}],"version-history":[{"count":2,"href":"https:\/\/blog.hotelbaia.com\/es\/wp-json\/wp\/v2\/posts\/63\/revisions"}],"predecessor-version":[{"id":65,"href":"https:\/\/blog.hotelbaia.com\/es\/wp-json\/wp\/v2\/posts\/63\/revisions\/65"}],"wp:attachment":[{"href":"https:\/\/blog.hotelbaia.com\/es\/wp-json\/wp\/v2\/media?parent=63"}],"wp:term":[{"taxonomy":"category","embeddable":true,"href":"https:\/\/blog.hotelbaia.com\/es\/wp-json\/wp\/v2\/categories?post=63"},{"taxonomy":"post_tag","embeddable":true,"href":"https:\/\/blog.hotelbaia.com\/es\/wp-json\/wp\/v2\/tags?post=63"}],"curies":[{"name":"wp","href":"https:\/\/api.w.org\/{rel}","templated":true}]}}