{"id":1114,"date":"2022-07-08T11:27:49","date_gmt":"2022-07-08T11:27:49","guid":{"rendered":"https:\/\/blog.hotelbaia.com\/?p=1114"},"modified":"2024-09-12T07:58:02","modified_gmt":"2024-09-12T07:58:02","slug":"ya-se-han-fijado-las-fechas-de-las-fiestas-del-mar-2022","status":"publish","type":"post","link":"https:\/\/blog.hotelbaia.com\/es\/ya-se-han-fijado-las-fechas-de-las-fiestas-del-mar-2022\/","title":{"rendered":"YA SE HAN FIJADO LAS FECHAS DE LAS FIESTAS DEL MAR 2022"},"content":{"rendered":"\r\n<figure class=\"wp-block-image size-large\"><img loading=\"lazy\" width=\"1024\" height=\"769\" class=\"wp-image-1115\" src=\"https:\/\/blog.hotelbaia.com\/wp-content\/uploads\/2022\/07\/baia_blog_Prancheta-1-02-3-1024x769.png\" alt=\"\" srcset=\"https:\/\/blog.hotelbaia.com\/wp-content\/uploads\/2022\/07\/baia_blog_Prancheta-1-02-3-1024x769.png 1024w, https:\/\/blog.hotelbaia.com\/wp-content\/uploads\/2022\/07\/baia_blog_Prancheta-1-02-3-300x225.png 300w, https:\/\/blog.hotelbaia.com\/wp-content\/uploads\/2022\/07\/baia_blog_Prancheta-1-02-3-768x577.png 768w, https:\/\/blog.hotelbaia.com\/wp-content\/uploads\/2022\/07\/baia_blog_Prancheta-1-02-3-1536x1153.png 1536w, https:\/\/blog.hotelbaia.com\/wp-content\/uploads\/2022\/07\/baia_blog_Prancheta-1-02-3-2048x1537.png 2048w\" sizes=\"(max-width: 1024px) 100vw, 1024px\" \/><\/figure>\r\n\r\n\r\n\r\n<p>Se celebrar\u00e1n del 25 al 28 de agosto y del 1 al 4 de septiembre<\/p>\r\n\r\n\r\n\r\n<p>Es realmente cierto, las fiestas m\u00e1s esperadas en Cascais est\u00e1n de vuelta. Despu\u00e9s de 2 a\u00f1os de una pausa muy sentida, las Festas do Mar volver\u00e1n a la bah\u00eda de Cascais en 2022 para dos fines de semana de gran m\u00fasica y baile.<\/p>\r\n\r\n\r\n\r\n<p>Las fechas confirmadas son del 25 al 28 de agosto y del 1 al 4 de septiembre. Por ahora no hay nombres anunciados todav\u00eda, pero ya puedes reservar estos d\u00edas para visitar la ciudad de Cascais y ver a tus artistas favoritos.<\/p>\r\n\r\n\r\n\r\n<p>Festas do Mar: \u00bfconoces a los principales artistas que han pasado por el festival desde 2010?<\/p>\r\n\r\n\r\n\r\n<p>La primera edici\u00f3n de Festas do Mar trajo un nuevo concepto a la bah\u00eda de Cascais: un festival de verano gratuito, con grandes nombres de la m\u00fasica nacional. Tuvo lugar en 2010 y cont\u00f3 con la participaci\u00f3n de Jos\u00e9 Cid, GNR y UHF, entre muchos otros.<\/p>\r\n\r\n\r\n\r\n<p>Desde entonces, es dif\u00edcil pensar en un artista portugu\u00e9s que no haya participado en las Festas do Mar. Pedro Abrunhosa, Xutos e Pontap\u00e9s, Rui Veloso, Jorge Palma, S\u00e9rgio Godinho, Cl\u00e3, D.A.M.A., Paulo Gonzo, Miguel Ara\u00fajo y Ant\u00f3nio Zambujo &#8211; todos han formado parte de al menos una noche memorable en Cascais, y muchos otros tambi\u00e9n (podr\u00edamos pasar todo el d\u00eda enumerando una d\u00e9cada de carteles de Festas do Mar, siempre con grandes confirmaciones). Este a\u00f1o tendremos m\u00e1s artistas, para todos los gustos y edades, que se sumar\u00e1n a esta lista.<\/p>\r\n\r\n\r\n\r\n<p>\u00bfQu\u00e9 se puede esperar de las Festas do Mar en 2022?<\/p>\r\n\r\n\r\n\r\n<p>S\u00f3lo la mejor m\u00fasica nacional, por supuesto.<\/p>\r\n\r\n\r\n\r\n<p>Adem\u00e1s de la m\u00fasica, hay varios locales de \u00abcomer y beber\u00bb repartidos por el pueblo (sin contar los restaurantes ya presentes) y varios puestos de artesan\u00eda y comercio local. Tambi\u00e9n se ha convertido en una costumbre desde la primera edici\u00f3n ver el espect\u00e1culo de fuegos artificiales sobre el mar, que suele tener lugar el \u00faltimo d\u00eda del festival.<\/p>\r\n\r\n\r\n\r\n<p>Pero no s\u00f3lo los fuegos artificiales hacen que el \u00faltimo d\u00eda de las Festas do Mar sea tan especial. Cada a\u00f1o, la Orquesta Sinf\u00f3nica de Cascais ofrece un concierto tem\u00e1tico para clausurar el festival de una forma \u00fanica. Por ejemplo, ha interpretado en concierto los grandes \u00e9xitos de Disney, y en 2017 actu\u00f3 junto a los Bootleg Beatles para celebrar el 50 aniversario del \u00e1lbum Sgt. Pepper&#8217;s Lonely Hearts Club Band.<\/p>\r\n\r\n\r\n\r\n<p>Con un escenario tradicionalmente montado frente al Hotel Bay, no vamos a dejar de ser parte de la fiesta. Estamos deseando que llegue agosto para volver a ver y escuchar la m\u00fasica en las calles de Cascais.<\/p>\r\n\r\n\r\n\r\n<p>Traducci\u00f3n realizada con la versi\u00f3n gratuita del traductor www.DeepL.com\/Translator<\/p>\r\n","protected":false},"excerpt":{"rendered":"<p>Se celebrar\u00e1n del 25 al 28 de agosto y del 1 al 4 de septiembre&#8230;<\/p>\n","protected":false},"author":3,"featured_media":1587,"comment_status":"closed","ping_status":"open","sticky":false,"template":"","format":"standard","meta":[],"categories":[15],"tags":[],"acf":[],"_links":{"self":[{"href":"https:\/\/blog.hotelbaia.com\/es\/wp-json\/wp\/v2\/posts\/1114"}],"collection":[{"href":"https:\/\/blog.hotelbaia.com\/es\/wp-json\/wp\/v2\/posts"}],"about":[{"href":"https:\/\/blog.hotelbaia.com\/es\/wp-json\/wp\/v2\/types\/post"}],"author":[{"embeddable":true,"href":"https:\/\/blog.hotelbaia.com\/es\/wp-json\/wp\/v2\/users\/3"}],"replies":[{"embeddable":true,"href":"https:\/\/blog.hotelbaia.com\/es\/wp-json\/wp\/v2\/comments?post=1114"}],"version-history":[{"count":2,"href":"https:\/\/blog.hotelbaia.com\/es\/wp-json\/wp\/v2\/posts\/1114\/revisions"}],"predecessor-version":[{"id":1600,"href":"https:\/\/blog.hotelbaia.com\/es\/wp-json\/wp\/v2\/posts\/1114\/revisions\/1600"}],"wp:featuredmedia":[{"embeddable":true,"href":"https:\/\/blog.hotelbaia.com\/es\/wp-json\/wp\/v2\/media\/1587"}],"wp:attachment":[{"href":"https:\/\/blog.hotelbaia.com\/es\/wp-json\/wp\/v2\/media?parent=1114"}],"wp:term":[{"taxonomy":"category","embeddable":true,"href":"https:\/\/blog.hotelbaia.com\/es\/wp-json\/wp\/v2\/categories?post=1114"},{"taxonomy":"post_tag","embeddable":true,"href":"https:\/\/blog.hotelbaia.com\/es\/wp-json\/wp\/v2\/tags?post=1114"}],"curies":[{"name":"wp","href":"https:\/\/api.w.org\/{rel}","templated":true}]}}